{"id":31081,"date":"2024-12-18T09:13:15","date_gmt":"2024-12-18T08:13:15","guid":{"rendered":"https:\/\/oskoper.splet.arnes.si\/?p=31081"},"modified":"2024-12-18T09:14:32","modified_gmt":"2024-12-18T08:14:32","slug":"praznicno-medkulturno-druzenje-na-osnovni-soli-koper","status":"publish","type":"post","link":"https:\/\/oskoper.splet.arnes.si\/?p=31081","title":{"rendered":"Prazni\u010dno medkulturno dru\u017eenje na Osnovni \u0161oli Koper"},"content":{"rendered":"<p>[et_pb_section fb_built=&#8221;1&#8243; _builder_version=&#8221;4.16&#8243; global_colors_info=&#8221;{}&#8221;][et_pb_row _builder_version=&#8221;4.16&#8243; background_size=&#8221;initial&#8221; background_position=&#8221;top_left&#8221; background_repeat=&#8221;repeat&#8221; global_colors_info=&#8221;{}&#8221;][et_pb_column type=&#8221;4_4&#8243; _builder_version=&#8221;4.16&#8243; custom_padding=&#8221;|||&#8221; global_colors_info=&#8221;{}&#8221; custom_padding__hover=&#8221;|||&#8221;][et_pb_text _builder_version=&#8221;4.16&#8243; background_size=&#8221;initial&#8221; background_position=&#8221;top_left&#8221; background_repeat=&#8221;repeat&#8221; global_colors_info=&#8221;{}&#8221;]<\/p>\n<p style=\"background: white\"><span style=\"font-family: 'Arial',sans-serif;color: #666666\">Veselo decembrsko popoldne je v Osnovni \u0161oli Koper minilo v znamenju medkulturnega dru\u017eenja, organiziranega z namenom spodbujanja medsebojnega povezovanja, spoznavanja razli\u010dnih kultur ter ustvarjanja prazni\u010dnih izdelkov.<\/span><\/p>\n<p style=\"background: white\"><span style=\"font-family: 'Arial',sans-serif;color: #666666\">Na dru\u017eenju, ki je potekalo v spro\u0161\u010denem in veselem vzdu\u0161ju, so se zbrali star\u0161i in otroci, ki so se na novo vklju\u010dili v \u0161olo in se \u0161e u\u010dijo slovenskega jezika. Tako star\u0161i kot otroci so ustvarjali \u010dudovite prazni\u010dne izdelke za \u0161olski bazar, kot so novoletne jelke in sve\u010dniki, pri tem pa so pokazali veliko ustvarjalnosti in veselja. Vsaka dru\u017eina je imela prilo\u017enost izdelati tudi nekaj posebnega za doma\u010de prazni\u010dno vzdu\u0161je, saj so lahko izdelke odnesli domov.<\/span><\/p>\n<p style=\"background: white\"><span style=\"font-family: 'Arial',sans-serif;color: #666666\">Eden pomembnej\u0161ih poudarkov dru\u017eenja je bilo tudi spoznavanje razli\u010dnih kulturnih tradicij in prazni\u010dnih obi\u010dajev. Vzdu\u0161je je bilo izjemno toplo in prijateljsko, saj so udele\u017eenci skupaj ustvarjali, se pogovarjali in se medsebojno povezovali. Dogodek je dodatno popestrila skodelica \u010daja in sladkanje s pi\u0161koti, kar je \u0161e okrepilo prazni\u010dno razpolo\u017eenje.<\/span><\/p>\n<p style=\"background: white\"><span style=\"font-family: 'Arial',sans-serif;color: #666666\">Prazni\u010dno medkulturno dru\u017eenje je dokazalo, kako lahko s skupnim sodelovanjem, ustvarjalnostjo in medkulturnim spo\u0161tovanjem ustvarimo nekaj resni\u010dno posebnega ter si hkrati polep\u0161amo decembrske prazni\u010dne dni.<\/span><\/p>\n<p>&nbsp;<br \/>\n[\/et_pb_text][et_pb_gallery gallery_ids=&#8221;31092,31084,31085,31086,31087,31088,31089,31090,31091,31093,31095&#8243; posts_number=&#8221;44&#8243; show_title_and_caption=&#8221;off&#8221; show_pagination=&#8221;off&#8221; _builder_version=&#8221;4.27.0&#8243; _module_preset=&#8221;default&#8221; hover_enabled=&#8221;0&#8243; global_colors_info=&#8221;{}&#8221; sticky_enabled=&#8221;0&#8243;][\/et_pb_gallery][\/et_pb_column][\/et_pb_row][\/et_pb_section]<\/p>\n<h3>Related Images:<\/h3>","protected":false},"excerpt":{"rendered":"<p>Veselo decembrsko popoldne je v Osnovni \u0161oli Koper minilo v znamenju medkulturnega dru\u017eenja, organiziranega z namenom spodbujanja medsebojnega povezovanja, spoznavanja razli\u010dnih kultur ter ustvarjanja prazni\u010dnih izdelkov. Na dru\u017eenju, ki je potekalo v spro\u0161\u010denem in veselem vzdu\u0161ju, so se zbrali star\u0161i in otroci, ki so se na novo vklju\u010dili v \u0161olo in se \u0161e u\u010dijo slovenskega [&hellip;]<\/p>\n","protected":false},"author":54509,"featured_media":0,"comment_status":"closed","ping_status":"open","sticky":false,"template":"","format":"standard","meta":{"_et_pb_use_builder":"on","_et_pb_old_content":"<p style=\"background: white;\"><span style=\"font-family: 'Arial',sans-serif; color: #666666;\">Veselo decembrsko popoldne je v Osnovni \u0161oli Koper minilo v znamenju medkulturnega dru\u017eenja, organiziranega z namenom spodbujanja medsebojnega povezovanja, spoznavanja razli\u010dnih kultur ter ustvarjanja prazni\u010dnih izdelkov.<\/span><\/p><p style=\"background: white;\"><span style=\"font-family: 'Arial',sans-serif; color: #666666;\">Na dru\u017eenju, ki je potekalo v spro\u0161\u010denem in veselem vzdu\u0161ju, so se zbrali star\u0161i in otroci, ki so se na novo vklju\u010dili v \u0161olo in se \u0161e u\u010dijo slovenskega jezika. Tako star\u0161i kot otroci so ustvarjali \u010dudovite prazni\u010dne izdelke za \u0161olski bazar, kot so novoletne jelke in sve\u010dniki, pri tem pa so pokazali veliko ustvarjalnosti in veselja. Vsaka dru\u017eina je imela prilo\u017enost izdelati tudi nekaj posebnega za doma\u010de prazni\u010dno vzdu\u0161je, saj so lahko izdelke odnesli domov.<\/span><\/p><p style=\"background: white;\"><span style=\"font-family: 'Arial',sans-serif; color: #666666;\">Eden pomembnej\u0161ih poudarkov dru\u017eenja je bilo tudi spoznavanje razli\u010dnih kulturnih tradicij in prazni\u010dnih obi\u010dajev. Vzdu\u0161je je bilo izjemno toplo in prijateljsko, saj so udele\u017eenci skupaj ustvarjali, se pogovarjali in se medsebojno povezovali. Dogodek je dodatno popestrila skodelica \u010daja in sladkanje s pi\u0161koti, kar je \u0161e okrepilo prazni\u010dno razpolo\u017eenje.<\/span><\/p><p style=\"background: white;\"><span style=\"font-family: 'Arial',sans-serif; color: #666666;\">Prazni\u010dno medkulturno dru\u017eenje je dokazalo, kako lahko s skupnim sodelovanjem, ustvarjalnostjo in medkulturnim spo\u0161tovanjem ustvarimo nekaj resni\u010dno posebnega ter si hkrati polep\u0161amo decembrske prazni\u010dne dni.<\/span><\/p><p>\u00a0<\/p>","_et_gb_content_width":"","ngg_post_thumbnail":0,"footnotes":"","_expiration-date-status":"","_expiration-date":0,"_expiration-date-type":"","_expiration-date-categories":[],"_expiration-date-options":[]},"categories":[4],"tags":[],"class_list":["post-31081","post","type-post","status-publish","format-standard","hentry","category-novice"],"_links":{"self":[{"href":"https:\/\/oskoper.splet.arnes.si\/index.php?rest_route=\/wp\/v2\/posts\/31081","targetHints":{"allow":["GET"]}}],"collection":[{"href":"https:\/\/oskoper.splet.arnes.si\/index.php?rest_route=\/wp\/v2\/posts"}],"about":[{"href":"https:\/\/oskoper.splet.arnes.si\/index.php?rest_route=\/wp\/v2\/types\/post"}],"author":[{"embeddable":true,"href":"https:\/\/oskoper.splet.arnes.si\/index.php?rest_route=\/wp\/v2\/users\/54509"}],"replies":[{"embeddable":true,"href":"https:\/\/oskoper.splet.arnes.si\/index.php?rest_route=%2Fwp%2Fv2%2Fcomments&post=31081"}],"version-history":[{"count":3,"href":"https:\/\/oskoper.splet.arnes.si\/index.php?rest_route=\/wp\/v2\/posts\/31081\/revisions"}],"predecessor-version":[{"id":31097,"href":"https:\/\/oskoper.splet.arnes.si\/index.php?rest_route=\/wp\/v2\/posts\/31081\/revisions\/31097"}],"wp:attachment":[{"href":"https:\/\/oskoper.splet.arnes.si\/index.php?rest_route=%2Fwp%2Fv2%2Fmedia&parent=31081"}],"wp:term":[{"taxonomy":"category","embeddable":true,"href":"https:\/\/oskoper.splet.arnes.si\/index.php?rest_route=%2Fwp%2Fv2%2Fcategories&post=31081"},{"taxonomy":"post_tag","embeddable":true,"href":"https:\/\/oskoper.splet.arnes.si\/index.php?rest_route=%2Fwp%2Fv2%2Ftags&post=31081"}],"curies":[{"name":"wp","href":"https:\/\/api.w.org\/{rel}","templated":true}]}}